{"id":6123,"date":"2026-09-02T19:43:18","date_gmt":"2026-09-02T17:43:18","guid":{"rendered":"https:\/\/basisgruppe-antifa.org\/wp\/?p=6123"},"modified":"2026-09-02T19:43:21","modified_gmt":"2026-09-02T17:43:21","slug":"schrecklicher-verdacht-ist-die-zivilklausel-schlecht-fuers-geschaeft","status":"publish","type":"post","link":"https:\/\/basisgruppe-antifa.org\/wp\/2026\/09\/02\/schrecklicher-verdacht-ist-die-zivilklausel-schlecht-fuers-geschaeft\/","title":{"rendered":"Schrecklicher Verdacht: Ist die Zivilklausel schlecht f\u00fcrs Gesch\u00e4ft?"},"content":{"rendered":"\n<p class=\"wp-block-paragraph\">Der Raumfahrtkonzern OHB plant f\u00fcr einen m\u00f6glichen milliardenschweren Bundeswehrauftrag einen neuen Produktionsstandort. Favorit ist Sachsen \u2013 auch wegen der guten Anbindung an die dortige Universit\u00e4t. Bremen h\u00e4tte ebenfalls reichlich Raumfahrtforschung zu bieten. Nur untersagt die Zivilklausel der Bremer Uni Forschung mit milit\u00e4rischer Zielsetzung.<\/p>\n\n\n\n<p class=\"wp-block-paragraph\">Beginnt jetzt die Militarisierung der Bremer Uni? M\u00fcssen wir die friedliche Wissenschaft dagegen verteidigen?<\/p>\n\n\n\n<p class=\"wp-block-paragraph\">Leider gab es aber auch schon vorher einen Gegensatz von \u201ezivil\u201c und \u201emilit\u00e4risch\u201c hier nicht wirklich. Die Bremer Hochschulen sind, auch ohne die aktive Einbindung der Bundeswehr, ein wichtiger Baustein eines Standorts, der sich gegen andere behaupten soll: Sie bilden Arbeitskr\u00e4fte aus, entwickeln verwertbare Technologien und sollen Unternehmen und Investitionen an Bremen binden. Dieser zivile Normalbetrieb ist Teil der Konkurrenz um Wachstum und Kapital.<\/p>\n\n\n\n<p class=\"wp-block-paragraph\">Der deutsche Staat hat beschlossen aufzur\u00fcsten und schafft sich daf\u00fcr einen gigantischen heimischen Markt. Daf\u00fcr braucht es keine v\u00f6llig neue \u00d6konomie. Dieselben H\u00e4fen, Flugh\u00e4fen, Unternehmen, Forschungskapazit\u00e4ten und Fachkr\u00e4fte, die dem zivilen Erfolg des Standorts dienen, erweisen sich jetzt auch als Ressourcen milit\u00e4rischer Macht.<\/p>\n\n\n\n<p class=\"wp-block-paragraph\">In Bremen l\u00e4sst sich diese Transformation gerade besichtigen: Der Flughafen soll f\u00fcr milit\u00e4rische Transporte ausgebaut werden, Bremerhaven f\u00fcr NATO-Logistik, R\u00fcstungs- und Raumfahrtunternehmen erweitern ihre Kapazit\u00e4ten. Und die Zivilklausel wird zum Standortnachteil, weil sie ausgerechnet die Wissenschaft von einem lukrativen Wachstumsfeld ausschlie\u00dft.<\/p>\n\n\n\n<p class=\"wp-block-paragraph\">Sie schafft deshalb keinen friedlichen Standort, sondern zieht eine reale Grenze innerhalb seiner Verwertbarkeit. Und diese Grenze ger\u00e4t unter Druck, sobald Aufr\u00fcstung zum Wachstumsprogramm wird.<\/p>\n\n\n\n<p class=\"wp-block-paragraph\">So entsteht Zustimmung zur Aufr\u00fcstung ganz ohne Hurra-Patriotismus. Es reicht, wenn Arbeitspl\u00e4tze, Investitionen und Steuereinnahmen daran h\u00e4ngen. Dann wird aus dem Gesch\u00e4ft der R\u00fcstung \u201eunser\u201c wirtschaftliches Interesse \u2013 und aus der Weigerung, jede gesellschaftliche Ressource daf\u00fcr bereitzustellen, ein Wettbewerbsnachteil.<\/p>\n\n\n\n<p class=\"wp-block-paragraph\">F\u00fcr die Zivilklausel sollten wir trotzdem k\u00e4mpfen.<\/p>\n","protected":false},"excerpt":{"rendered":"<p>Der Raumfahrtkonzern OHB plant f\u00fcr einen m\u00f6glichen milliardenschweren Bundeswehrauftrag einen neuen Produktionsstandort. Favorit ist Sachsen \u2013 auch wegen der guten Anbindung an die dortige Universit\u00e4t. Bremen h\u00e4tte ebenfalls reichlich Raumfahrtforschung &hellip; <\/p>\n","protected":false},"author":1,"featured_media":6124,"comment_status":"closed","ping_status":"closed","sticky":false,"template":"","format":"standard","meta":{"_jetpack_newsletter_access":"","_jetpack_dont_email_post_to_subs":false,"_jetpack_newsletter_tier_id":0,"_jetpack_memberships_contains_paywalled_content":false,"_jetpack_feature_clip_id":0,"_jetpack_memberships_contains_paid_content":false,"footnotes":"","jetpack_post_was_ever_published":false},"categories":[14],"tags":[],"class_list":["post-6123","post","type-post","status-publish","format-standard","has-post-thumbnail","hentry","category-antikapitalistisch"],"jetpack_sharing_enabled":true,"jetpack_featured_media_url":"https:\/\/i0.wp.com\/basisgruppe-antifa.org\/wp\/wp-content\/uploads\/2026\/09\/insta-750-x-360-px.png?fit=750%2C360&ssl=1","_links":{"self":[{"href":"https:\/\/basisgruppe-antifa.org\/wp\/wp-json\/wp\/v2\/posts\/6123","targetHints":{"allow":["GET"]}}],"collection":[{"href":"https:\/\/basisgruppe-antifa.org\/wp\/wp-json\/wp\/v2\/posts"}],"about":[{"href":"https:\/\/basisgruppe-antifa.org\/wp\/wp-json\/wp\/v2\/types\/post"}],"author":[{"embeddable":true,"href":"https:\/\/basisgruppe-antifa.org\/wp\/wp-json\/wp\/v2\/users\/1"}],"replies":[{"embeddable":true,"href":"https:\/\/basisgruppe-antifa.org\/wp\/wp-json\/wp\/v2\/comments?post=6123"}],"version-history":[{"count":1,"href":"https:\/\/basisgruppe-antifa.org\/wp\/wp-json\/wp\/v2\/posts\/6123\/revisions"}],"predecessor-version":[{"id":6125,"href":"https:\/\/basisgruppe-antifa.org\/wp\/wp-json\/wp\/v2\/posts\/6123\/revisions\/6125"}],"wp:featuredmedia":[{"embeddable":true,"href":"https:\/\/basisgruppe-antifa.org\/wp\/wp-json\/wp\/v2\/media\/6124"}],"wp:attachment":[{"href":"https:\/\/basisgruppe-antifa.org\/wp\/wp-json\/wp\/v2\/media?parent=6123"}],"wp:term":[{"taxonomy":"category","embeddable":true,"href":"https:\/\/basisgruppe-antifa.org\/wp\/wp-json\/wp\/v2\/categories?post=6123"},{"taxonomy":"post_tag","embeddable":true,"href":"https:\/\/basisgruppe-antifa.org\/wp\/wp-json\/wp\/v2\/tags?post=6123"}],"curies":[{"name":"wp","href":"https:\/\/api.w.org\/{rel}","templated":true}]}}