{"id":6028,"date":"2026-03-27T06:43:05","date_gmt":"2026-03-27T05:43:05","guid":{"rendered":"https:\/\/basisgruppe-antifa.org\/wp\/?p=6028"},"modified":"2026-03-27T06:43:08","modified_gmt":"2026-03-27T05:43:08","slug":"nicht-nur-bremerhaven-sondern-ueberall-alltag-mit-ganz-normalen-maennern","status":"publish","type":"post","link":"https:\/\/basisgruppe-antifa.org\/wp\/2026\/03\/27\/nicht-nur-bremerhaven-sondern-ueberall-alltag-mit-ganz-normalen-maennern\/","title":{"rendered":"Nicht nur Bremerhaven, sondern \u00fcberall: Alltag mit \u201eganz normalen M\u00e4nnern\u201c"},"content":{"rendered":"\n<p>Jeffrey Epstein, Dominique Pelicot, Christian Ulmen &#8211; M\u00e4nner, deren Namen, in letzter Zeit Schlagzeilen machten, da sie auf brutale Weise an Frauen, Queers und Kindern sexualisierte Gewalt aus\u00fcbten. Nun ist auch in Bremerhaven ein Fall \u00f6ffentlich geworden, in dem ein Arzt narkotisierte Patientinnen missbraucht haben soll. Die j\u00fcngste war sieben Jahre alt.&nbsp;<\/p>\n\n\n\n<p>Die Reaktion in den Medien und Politik schwangt zwischen einer inszenierten Solidarit\u00e4t mit den Opfern ohne tats\u00e4chliche Konsequenzen und rassistischer Erz\u00e4hlungen als Ursache des Problems (Merz).<\/p>\n\n\n\n<p>Frauen und Queers wissen alle: das h\u00e4tte auch mir passieren k\u00f6nnen. Die T\u00e4ter waren keine psychisch kranken Einzelt\u00e4ter, sondern \u201eganz normale M\u00e4nner\u201c. Mit denen wir zusammenleben, die uns im Krankenhaus behandeln, mit denen wir organisiert sind. Das macht Angst.&nbsp;<\/p>\n\n\n\n<p>Patriarchale Gewalt gegen\u00fcber Frauen und Queers strukturiert unsere Gesellschaft und begegnet uns tagt\u00e4glich. Die Aneignung der K\u00f6rper von Frauen und M\u00e4dchen ohne ihr Wissen ist deshalb nur eine besonders brutale und widerliche Form dieses Anspruchsdenkens und dient dabei als Kontrollmechanismus, die patriarchale Vormachtstellung in der Gesellschaft aufrechtzuerhalten. Es geht, neben der Befriedigung von Lust, um die Aus\u00fcbung und Reproduktion von Macht. Es geht darum, Angst zu machen.&nbsp;<\/p>\n\n\n\n<p>Verlassen wir uns nicht darauf, dass einzelne Gesetze nachgebessert oder bisschen mehr Geld in unzureichend ausgestatteten Gewaltschutzeinrichtungen gesteckt wird. Es braucht eine starke feministische Bewegung, um diese Macht zu brechen und ohne Angst leben zu k\u00f6nnen. <strong>Make feminism a threat!\u00a0<\/strong><\/p>\n","protected":false},"excerpt":{"rendered":"<p>Jeffrey Epstein, Dominique Pelicot, Christian Ulmen &#8211; M\u00e4nner, deren Namen, in letzter Zeit Schlagzeilen machten, da sie auf brutale Weise an Frauen, Queers und Kindern sexualisierte Gewalt aus\u00fcbten. Nun ist &hellip; <\/p>\n","protected":false},"author":1,"featured_media":6029,"comment_status":"closed","ping_status":"closed","sticky":false,"template":"","format":"standard","meta":{"_jetpack_memberships_contains_paid_content":false,"footnotes":""},"categories":[15],"tags":[],"class_list":["post-6028","post","type-post","status-publish","format-standard","has-post-thumbnail","hentry","category-feministisch"],"jetpack_featured_media_url":"https:\/\/i0.wp.com\/basisgruppe-antifa.org\/wp\/wp-content\/uploads\/2026\/03\/Alle-reden-ueber-den-Rechtsstaat-Wir-ueber-den-Rechtsruck-750-x-360-px-1.png?fit=750%2C360&ssl=1","jetpack_sharing_enabled":true,"_links":{"self":[{"href":"https:\/\/basisgruppe-antifa.org\/wp\/wp-json\/wp\/v2\/posts\/6028","targetHints":{"allow":["GET"]}}],"collection":[{"href":"https:\/\/basisgruppe-antifa.org\/wp\/wp-json\/wp\/v2\/posts"}],"about":[{"href":"https:\/\/basisgruppe-antifa.org\/wp\/wp-json\/wp\/v2\/types\/post"}],"author":[{"embeddable":true,"href":"https:\/\/basisgruppe-antifa.org\/wp\/wp-json\/wp\/v2\/users\/1"}],"replies":[{"embeddable":true,"href":"https:\/\/basisgruppe-antifa.org\/wp\/wp-json\/wp\/v2\/comments?post=6028"}],"version-history":[{"count":1,"href":"https:\/\/basisgruppe-antifa.org\/wp\/wp-json\/wp\/v2\/posts\/6028\/revisions"}],"predecessor-version":[{"id":6030,"href":"https:\/\/basisgruppe-antifa.org\/wp\/wp-json\/wp\/v2\/posts\/6028\/revisions\/6030"}],"wp:featuredmedia":[{"embeddable":true,"href":"https:\/\/basisgruppe-antifa.org\/wp\/wp-json\/wp\/v2\/media\/6029"}],"wp:attachment":[{"href":"https:\/\/basisgruppe-antifa.org\/wp\/wp-json\/wp\/v2\/media?parent=6028"}],"wp:term":[{"taxonomy":"category","embeddable":true,"href":"https:\/\/basisgruppe-antifa.org\/wp\/wp-json\/wp\/v2\/categories?post=6028"},{"taxonomy":"post_tag","embeddable":true,"href":"https:\/\/basisgruppe-antifa.org\/wp\/wp-json\/wp\/v2\/tags?post=6028"}],"curies":[{"name":"wp","href":"https:\/\/api.w.org\/{rel}","templated":true}]}}